{"id":243,"date":"2022-01-23T12:02:18","date_gmt":"2022-01-23T11:02:18","guid":{"rendered":"https:\/\/ferme-vieux-copains.fr\/?p=243"},"modified":"2022-01-23T12:02:18","modified_gmt":"2022-01-23T11:02:18","slug":"panier-semaine-4","status":"publish","type":"post","link":"https:\/\/ferme-vieux-copains.fr\/?p=243","title":{"rendered":"Panier semaine 4"},"content":{"rendered":"\n<p>Bonjour<\/p>\n\n\n\n<p>Voici le panier de la semaine.<\/p>\n\n\n\n<p>Vous pouvez changer jusqu&rsquo;\u00e0 3 l\u00e9gumes ou passez une commande aux d\u00e9tails !<\/p>\n\n\n\n<p>Vos commandes sont \u00e0 r\u00e9server avant lundi 22h et \u00e0 r\u00e9cup\u00e9rer :<\/p>\n\n\n\n<p>&gt; soit mardi<\/p>\n\n\n\n<p>&#8211; ch\u00e9m\u00e9r\u00e9, parking du th\u00e9atre entre 18h et 18h25<\/p>\n\n\n\n<p>&#8211; arthon, place du marchas entre 18h35 et 19h<\/p>\n\n\n\n<p>&gt; mercredi de 16h \u00e0 19h \u00e0 la ferme<\/p>\n\n\n\n<p>&gt; vendredi de 17h \u00e0 19h \u00e0 la ferme de la B\u00e9vini\u00e8re<\/p>\n\n\n\n<p>&gt; samedi de 10h \u00e0 12h30 \u00e0 la ferme<\/p>\n\n\n\n<p>12\u20ac<\/p>\n\n\n\n<p>600g de Pomme de Terre<\/p>\n\n\n\n<p>600g de carotte<\/p>\n\n\n\n<p>Chou Kale<\/p>\n\n\n\n<p>500g de panais<\/p>\n\n\n\n<p>350g de betterave<\/p>\n\n\n\n<p>1 t\u00eate d&rsquo;ail<\/p>\n\n\n\n<p>16\u20ac<\/p>\n\n\n\n<p>Le m\u00eame qu&rsquo;\u00e0 12\u20ac<\/p>\n\n\n\n<p>+ 2 pomelos rouge<\/p>\n\n\n\n<p>+ 1 citron<\/p>\n\n\n\n<p>18\u20ac<\/p>\n\n\n\n<p>Le m\u00eame qu&rsquo;\u00e0 12\u20ac<\/p>\n\n\n\n<p>+ 500g de poireaux<\/p>\n\n\n\n<p>+ 500g d&rsquo;oignons<\/p>\n\n\n\n<p>+ 300g de betterave<\/p>\n\n\n\n<p>+ 2 petit c\u00e9l\u00e9ri<\/p>\n\n\n\n<p>23\u20ac<\/p>\n\n\n\n<p>le m\u00eame qu&rsquo;\u00e0 18\u20ac<\/p>\n\n\n\n<p>+ 2 pomelos rouge<\/p>\n\n\n\n<p>+ 1 citron<\/p>\n\n\n\n<p>+ 2 kiwi<\/p>\n\n\n\n<p>Vous pouvez aussi commander en plus des produits de la ferme :<\/p>\n\n\n\n<p>&#8211; oeufs \u00e0 2.20\u20ac les 6<\/p>\n\n\n\n<p>&#8211; confitures de fraises, abricots, p\u00eache \u00e0 3.60\u20ac<\/p>\n\n\n\n<p>&#8211; coulis de tomates \u00e0 3.40\u20ac<\/p>\n\n\n\n<p>Vous pouvez commander diff\u00e9rents produits aupr\u00e8s de producteurs locaux et en livraison :<\/p>\n\n\n\n<p>&gt; mercredi, pain de la ferme de l&rsquo;Anfreni\u00e8re <a href=\"https:\/\/l.facebook.com\/l.php?u=https%3A%2F%2Fwww.fermedelanfreniere.fr%2F%3Ffbclid%3DIwAR2hAxWK9T0OV3IfhrwKj3xGYQYp6uT9WOOXbGWyVOjZ2hCf8hRQEk_tL2I&amp;h=AT2-neucvtwuScQh3kTP2Ifkh57DrHdjjL3wM2jnhKgwgWVmEB8Q16iTo6ltPWkMNFKL6tudiqRuZccptUlMaRo2q9Oj7A9RxBlU2DtxGAFrPeGq15Wih4n5MQ&amp;__tn__=-UK-R&amp;c[0]=AT0UesaxgXMjGztGdhRu0bGNsfErtMkKkMq5fNUz29a4uHGujVP0Hoquz78NCZwM76xjihKfbpgETlYZUhOBVvI9jgzG850FHgR_5pjhXY-Ko8ssEF7Xd0Mtc02MMhg9fBJw2pQKvRFMPUU1KUDvSqo_Z4RvihIqSFqVEsa5hN14xQ4cJrQSlmabdd3NPQlUszcAjWwi\" target=\"_blank\" rel=\"noreferrer noopener\">https:\/\/www.fermedelanfreniere.fr\/<\/a><\/p>\n\n\n\n<p>&gt; samedi, produits laitiers de la ferme de la B\u00e9vini\u00e8re<\/p>\n\n\n\n<figure class=\"wp-block-embed\"><div class=\"wp-block-embed__wrapper\">\nhttps:\/\/www.lafermedelabeviniere.fr\/\n<\/div><\/figure>\n\n\n\n<p>L\u00e9gumes en \u00e9changes ou en surplus :<\/p>\n\n\n\n<p>Ail<\/p>\n\n\n\n<p>Betterave crue<\/p>\n\n\n\n<p>Carotte<\/p>\n\n\n\n<p>C\u00e9l\u00e9ri Rave<\/p>\n\n\n\n<p>Botte de Chou Noir de Toscane<\/p>\n\n\n\n<p>Botte de Chou Rouge de Chine<\/p>\n\n\n\n<p>Chou Fleur<\/p>\n\n\n\n<p>Courge Fustsu Black<\/p>\n\n\n\n<p>Courge Bleu de Hongrie<\/p>\n\n\n\n<p>Echalote<\/p>\n\n\n\n<p>Endives<\/p>\n\n\n\n<p>Fenouil<\/p>\n\n\n\n<p>Navet boule d&rsquo;or<\/p>\n\n\n\n<p>Oignon jaune<\/p>\n\n\n\n<p>Panais<\/p>\n\n\n\n<p>Patate douce<\/p>\n\n\n\n<p>Pomme de terre<\/p>\n\n\n\n<p>Poireau<\/p>\n\n\n\n<p>Radis d&rsquo;hiver<\/p>\n\n\n\n<p>Avocat<\/p>\n\n\n\n<p>Banane<\/p>\n\n\n\n<p>Citron<\/p>\n\n\n\n<p>Kiwi<\/p>\n\n\n\n<p>Mandarine<\/p>\n\n\n\n<p>Noix<\/p>\n\n\n\n<p>Orange<\/p>\n\n\n\n<p>Pomelos<\/p>\n\n\n\n<p>Pomme<\/p>\n\n\n\n<p>Pour ceux qui souhaitent des l\u00e9gumes suppl\u00e9mentaire, nous pouvons vous transmettre les tarifs des l\u00e9gumes par mail. sinon, vous pouvez simplement nous demander d&rsquo;en rajouter.<\/p>\n\n\n\n<p>Bonne journ\u00e9e<\/p>\n\n\n\n<p>Lucie, Johan et St\u00e9phane<\/p>\n","protected":false},"excerpt":{"rendered":"<p>Bonjour Voici le panier de la semaine. Vous pouvez changer jusqu&rsquo;\u00e0 3 l\u00e9gumes ou passez une commande aux d\u00e9tails ! Vos commandes sont \u00e0 r\u00e9server avant lundi 22h et \u00e0 r\u00e9cup\u00e9rer : &gt; soit mardi &#8211; ch\u00e9m\u00e9r\u00e9, parking du th\u00e9atre entre 18h et 18h25 &#8211; arthon, place du marchas entre 18h35 et 19h &gt; mercredi&hellip;<a href=\"https:\/\/ferme-vieux-copains.fr\/?p=243\" class=\"more-link\">Continue reading <span class=\"screen-reader-text\">Panier semaine 4<\/span><\/a><\/p>\n","protected":false},"author":1,"featured_media":0,"comment_status":"open","ping_status":"open","sticky":false,"template":"","format":"standard","meta":{"_jetpack_memberships_contains_paid_content":false,"footnotes":""},"categories":[1],"tags":[],"class_list":["post-243","post","type-post","status-publish","format-standard","hentry","category-non-classe"],"jetpack_featured_media_url":"","jetpack_sharing_enabled":true,"_links":{"self":[{"href":"https:\/\/ferme-vieux-copains.fr\/index.php?rest_route=\/wp\/v2\/posts\/243","targetHints":{"allow":["GET"]}}],"collection":[{"href":"https:\/\/ferme-vieux-copains.fr\/index.php?rest_route=\/wp\/v2\/posts"}],"about":[{"href":"https:\/\/ferme-vieux-copains.fr\/index.php?rest_route=\/wp\/v2\/types\/post"}],"author":[{"embeddable":true,"href":"https:\/\/ferme-vieux-copains.fr\/index.php?rest_route=\/wp\/v2\/users\/1"}],"replies":[{"embeddable":true,"href":"https:\/\/ferme-vieux-copains.fr\/index.php?rest_route=%2Fwp%2Fv2%2Fcomments&post=243"}],"version-history":[{"count":1,"href":"https:\/\/ferme-vieux-copains.fr\/index.php?rest_route=\/wp\/v2\/posts\/243\/revisions"}],"predecessor-version":[{"id":244,"href":"https:\/\/ferme-vieux-copains.fr\/index.php?rest_route=\/wp\/v2\/posts\/243\/revisions\/244"}],"wp:attachment":[{"href":"https:\/\/ferme-vieux-copains.fr\/index.php?rest_route=%2Fwp%2Fv2%2Fmedia&parent=243"}],"wp:term":[{"taxonomy":"category","embeddable":true,"href":"https:\/\/ferme-vieux-copains.fr\/index.php?rest_route=%2Fwp%2Fv2%2Fcategories&post=243"},{"taxonomy":"post_tag","embeddable":true,"href":"https:\/\/ferme-vieux-copains.fr\/index.php?rest_route=%2Fwp%2Fv2%2Ftags&post=243"}],"curies":[{"name":"wp","href":"https:\/\/api.w.org\/{rel}","templated":true}]}}